{"id":5635,"date":"2019-02-17T20:02:29","date_gmt":"2019-02-17T20:02:29","guid":{"rendered":"https:\/\/www.stierli.net\/dominik\/?p=5635"},"modified":"2019-02-18T20:34:21","modified_gmt":"2019-02-18T20:34:21","slug":"paris-zu-zweit-in-48-stunden-teil-2","status":"publish","type":"post","link":"https:\/\/www.stierli.net\/dominik\/paris-zu-zweit-in-48-stunden-teil-2\/","title":{"rendered":"Paris \u2013 zu zweit \u2013 in 48 Stunden (Teil 2)"},"content":{"rendered":"\n<p>Die wichtigsten Ziele f\u00fcr den einzigen, kompletten Tag in Paris waren am Morgen schnell gesetzt. Dass wir dann \u00fcber 12 Stunden unterwegs sein und \u00fcber 24 Kilometer laufen werden, war uns noch nicht bewusst. Aber der Reihe nach. Zuerst gab es ein feines Fr\u00fchst\u00fcck in unserem Hotel. <\/p>\n\n\n\n<ul class=\"wp-block-gallery columns-3 is-cropped wp-block-gallery-1 is-layout-flex wp-block-gallery-is-layout-flex\"><li class=\"blocks-gallery-item\"><figure><a href=\"https:\/\/www.stierli.net\/dominik\/wp-content\/uploads\/2019\/02\/paris-weekend19-25.jpg\"><img loading=\"lazy\" decoding=\"async\" width=\"1000\" height=\"750\" src=\"https:\/\/www.stierli.net\/dominik\/wp-content\/uploads\/2019\/02\/paris-weekend19-25.jpg\" alt=\"\" data-id=\"5576\" data-link=\"https:\/\/www.stierli.net\/dominik\/paris-weekend19-25\/\" class=\"wp-image-5576\" srcset=\"https:\/\/www.stierli.net\/dominik\/wp-content\/uploads\/2019\/02\/paris-weekend19-25.jpg 1000w, https:\/\/www.stierli.net\/dominik\/wp-content\/uploads\/2019\/02\/paris-weekend19-25-300x225.jpg 300w, https:\/\/www.stierli.net\/dominik\/wp-content\/uploads\/2019\/02\/paris-weekend19-25-768x576.jpg 768w\" sizes=\"auto, (max-width: 1000px) 100vw, 1000px\" \/><\/a><\/figure><\/li><li class=\"blocks-gallery-item\"><figure><a href=\"https:\/\/www.stierli.net\/dominik\/wp-content\/uploads\/2019\/02\/paris-weekend19-73.jpg\"><img loading=\"lazy\" decoding=\"async\" width=\"1000\" height=\"750\" src=\"https:\/\/www.stierli.net\/dominik\/wp-content\/uploads\/2019\/02\/paris-weekend19-73.jpg\" alt=\"\" data-id=\"5624\" data-link=\"https:\/\/www.stierli.net\/dominik\/paris-weekend19-73\/\" class=\"wp-image-5624\" srcset=\"https:\/\/www.stierli.net\/dominik\/wp-content\/uploads\/2019\/02\/paris-weekend19-73.jpg 1000w, https:\/\/www.stierli.net\/dominik\/wp-content\/uploads\/2019\/02\/paris-weekend19-73-300x225.jpg 300w, https:\/\/www.stierli.net\/dominik\/wp-content\/uploads\/2019\/02\/paris-weekend19-73-768x576.jpg 768w\" sizes=\"auto, (max-width: 1000px) 100vw, 1000px\" \/><\/a><\/figure><\/li><li class=\"blocks-gallery-item\"><figure><a href=\"https:\/\/www.stierli.net\/dominik\/wp-content\/uploads\/2019\/02\/paris-weekend19-75.jpg\"><img loading=\"lazy\" decoding=\"async\" width=\"1000\" height=\"750\" src=\"https:\/\/www.stierli.net\/dominik\/wp-content\/uploads\/2019\/02\/paris-weekend19-75.jpg\" alt=\"\" data-id=\"5626\" data-link=\"https:\/\/www.stierli.net\/dominik\/paris-weekend19-75\/\" class=\"wp-image-5626\" srcset=\"https:\/\/www.stierli.net\/dominik\/wp-content\/uploads\/2019\/02\/paris-weekend19-75.jpg 1000w, https:\/\/www.stierli.net\/dominik\/wp-content\/uploads\/2019\/02\/paris-weekend19-75-300x225.jpg 300w, https:\/\/www.stierli.net\/dominik\/wp-content\/uploads\/2019\/02\/paris-weekend19-75-768x576.jpg 768w\" sizes=\"auto, (max-width: 1000px) 100vw, 1000px\" \/><\/a><\/figure><\/li><li class=\"blocks-gallery-item\"><figure><a href=\"https:\/\/www.stierli.net\/dominik\/wp-content\/uploads\/2019\/02\/paris-weekend19-74.jpg\"><img loading=\"lazy\" decoding=\"async\" width=\"1000\" height=\"750\" src=\"https:\/\/www.stierli.net\/dominik\/wp-content\/uploads\/2019\/02\/paris-weekend19-74.jpg\" alt=\"\" data-id=\"5625\" data-link=\"https:\/\/www.stierli.net\/dominik\/paris-weekend19-74\/\" class=\"wp-image-5625\" srcset=\"https:\/\/www.stierli.net\/dominik\/wp-content\/uploads\/2019\/02\/paris-weekend19-74.jpg 1000w, https:\/\/www.stierli.net\/dominik\/wp-content\/uploads\/2019\/02\/paris-weekend19-74-300x225.jpg 300w, https:\/\/www.stierli.net\/dominik\/wp-content\/uploads\/2019\/02\/paris-weekend19-74-768x576.jpg 768w\" sizes=\"auto, (max-width: 1000px) 100vw, 1000px\" \/><\/a><\/figure><\/li><li class=\"blocks-gallery-item\"><figure><a href=\"https:\/\/www.stierli.net\/dominik\/wp-content\/uploads\/2019\/02\/paris-weekend19-76.jpg\"><img loading=\"lazy\" decoding=\"async\" width=\"1000\" height=\"750\" src=\"https:\/\/www.stierli.net\/dominik\/wp-content\/uploads\/2019\/02\/paris-weekend19-76.jpg\" alt=\"\" data-id=\"5627\" data-link=\"https:\/\/www.stierli.net\/dominik\/paris-weekend19-76\/\" class=\"wp-image-5627\" srcset=\"https:\/\/www.stierli.net\/dominik\/wp-content\/uploads\/2019\/02\/paris-weekend19-76.jpg 1000w, https:\/\/www.stierli.net\/dominik\/wp-content\/uploads\/2019\/02\/paris-weekend19-76-300x225.jpg 300w, https:\/\/www.stierli.net\/dominik\/wp-content\/uploads\/2019\/02\/paris-weekend19-76-768x576.jpg 768w\" sizes=\"auto, (max-width: 1000px) 100vw, 1000px\" \/><\/a><\/figure><\/li><li class=\"blocks-gallery-item\"><figure><a href=\"https:\/\/www.stierli.net\/dominik\/wp-content\/uploads\/2019\/02\/paris-weekend19-77.jpg\"><img loading=\"lazy\" decoding=\"async\" width=\"1000\" height=\"750\" src=\"https:\/\/www.stierli.net\/dominik\/wp-content\/uploads\/2019\/02\/paris-weekend19-77.jpg\" alt=\"\" data-id=\"5628\" data-link=\"https:\/\/www.stierli.net\/dominik\/paris-weekend19-77\/\" class=\"wp-image-5628\" srcset=\"https:\/\/www.stierli.net\/dominik\/wp-content\/uploads\/2019\/02\/paris-weekend19-77.jpg 1000w, https:\/\/www.stierli.net\/dominik\/wp-content\/uploads\/2019\/02\/paris-weekend19-77-300x225.jpg 300w, https:\/\/www.stierli.net\/dominik\/wp-content\/uploads\/2019\/02\/paris-weekend19-77-768x576.jpg 768w\" sizes=\"auto, (max-width: 1000px) 100vw, 1000px\" \/><\/a><\/figure><\/li><\/ul>\n\n\n\n<p>Mit der Metro-Linie 12 ging es zur &#8222;<a rel=\"noreferrer noopener\" aria-label=\"Sacr\u00e9-C\u0153ur de Montmartre (\u00f6ffnet in neuem Tab)\" href=\"https:\/\/de.wikipedia.org\/wiki\/Sacr\u00e9-C\u0153ur_de_Montmartre\" target=\"_blank\">Sacr\u00e9-C\u0153ur de Montmartre<\/a>&#8222;. Beim Aussteigen in &#8222;Abbesses&#8220;\u00a0wunderten\u00a0wir uns noch, dass viele Personen auf den Lift warteten. Auch von einem Warnschild bei der ersten Treppe liessen wir uns nicht abschrecken. Doch wir waren tats\u00e4chlich in der am tiefsten unter der Erde gelegenen Station von Paris ausgestiegen. Die 36 H\u00f6henmeter \u00fcberbr\u00fcckten wir mit den 160 Stufen der Wendeltreppe und waren draussen doch etwas ausser Atem. Zur r\u00f6misch-katholischen Wallfahrtskirche benutzen wir dann die kleine Standseilbahn. <\/p>\n\n\n\n<ul class=\"wp-block-gallery columns-3 is-cropped wp-block-gallery-2 is-layout-flex wp-block-gallery-is-layout-flex\"><li class=\"blocks-gallery-item\"><figure><a href=\"https:\/\/www.stierli.net\/dominik\/wp-content\/uploads\/2019\/02\/paris-weekend19-27.jpg\"><img loading=\"lazy\" decoding=\"async\" width=\"667\" height=\"1000\" src=\"https:\/\/www.stierli.net\/dominik\/wp-content\/uploads\/2019\/02\/paris-weekend19-27.jpg\" alt=\"\" data-id=\"5578\" data-link=\"https:\/\/www.stierli.net\/dominik\/paris-weekend19-27\/\" class=\"wp-image-5578\" srcset=\"https:\/\/www.stierli.net\/dominik\/wp-content\/uploads\/2019\/02\/paris-weekend19-27.jpg 667w, https:\/\/www.stierli.net\/dominik\/wp-content\/uploads\/2019\/02\/paris-weekend19-27-200x300.jpg 200w\" sizes=\"auto, (max-width: 667px) 100vw, 667px\" \/><\/a><\/figure><\/li><li class=\"blocks-gallery-item\"><figure><a href=\"https:\/\/www.stierli.net\/dominik\/wp-content\/uploads\/2019\/02\/paris-weekend19-28.jpg\"><img loading=\"lazy\" decoding=\"async\" width=\"1000\" height=\"750\" src=\"https:\/\/www.stierli.net\/dominik\/wp-content\/uploads\/2019\/02\/paris-weekend19-28.jpg\" alt=\"\" data-id=\"5579\" data-link=\"https:\/\/www.stierli.net\/dominik\/paris-weekend19-28\/\" class=\"wp-image-5579\" srcset=\"https:\/\/www.stierli.net\/dominik\/wp-content\/uploads\/2019\/02\/paris-weekend19-28.jpg 1000w, https:\/\/www.stierli.net\/dominik\/wp-content\/uploads\/2019\/02\/paris-weekend19-28-300x225.jpg 300w, https:\/\/www.stierli.net\/dominik\/wp-content\/uploads\/2019\/02\/paris-weekend19-28-768x576.jpg 768w\" sizes=\"auto, (max-width: 1000px) 100vw, 1000px\" \/><\/a><\/figure><\/li><li class=\"blocks-gallery-item\"><figure><a href=\"https:\/\/www.stierli.net\/dominik\/wp-content\/uploads\/2019\/02\/paris-weekend19-30.jpg\"><img loading=\"lazy\" decoding=\"async\" width=\"1000\" height=\"750\" src=\"https:\/\/www.stierli.net\/dominik\/wp-content\/uploads\/2019\/02\/paris-weekend19-30.jpg\" alt=\"\" data-id=\"5581\" data-link=\"https:\/\/www.stierli.net\/dominik\/paris-weekend19-30\/\" class=\"wp-image-5581\" srcset=\"https:\/\/www.stierli.net\/dominik\/wp-content\/uploads\/2019\/02\/paris-weekend19-30.jpg 1000w, https:\/\/www.stierli.net\/dominik\/wp-content\/uploads\/2019\/02\/paris-weekend19-30-300x225.jpg 300w, https:\/\/www.stierli.net\/dominik\/wp-content\/uploads\/2019\/02\/paris-weekend19-30-768x576.jpg 768w\" sizes=\"auto, (max-width: 1000px) 100vw, 1000px\" \/><\/a><\/figure><\/li><li class=\"blocks-gallery-item\"><figure><a href=\"https:\/\/www.stierli.net\/dominik\/wp-content\/uploads\/2019\/02\/paris-weekend19-29.jpg\"><img loading=\"lazy\" decoding=\"async\" width=\"1000\" height=\"434\" src=\"https:\/\/www.stierli.net\/dominik\/wp-content\/uploads\/2019\/02\/paris-weekend19-29.jpg\" alt=\"\" data-id=\"5580\" data-link=\"https:\/\/www.stierli.net\/dominik\/paris-weekend19-29\/\" class=\"wp-image-5580\" srcset=\"https:\/\/www.stierli.net\/dominik\/wp-content\/uploads\/2019\/02\/paris-weekend19-29.jpg 1000w, https:\/\/www.stierli.net\/dominik\/wp-content\/uploads\/2019\/02\/paris-weekend19-29-300x130.jpg 300w, https:\/\/www.stierli.net\/dominik\/wp-content\/uploads\/2019\/02\/paris-weekend19-29-768x333.jpg 768w\" sizes=\"auto, (max-width: 1000px) 100vw, 1000px\" \/><\/a><\/figure><\/li><li class=\"blocks-gallery-item\"><figure><a href=\"https:\/\/www.stierli.net\/dominik\/wp-content\/uploads\/2019\/02\/paris-weekend19-31.jpg\"><img loading=\"lazy\" decoding=\"async\" width=\"1000\" height=\"667\" src=\"https:\/\/www.stierli.net\/dominik\/wp-content\/uploads\/2019\/02\/paris-weekend19-31.jpg\" alt=\"\" data-id=\"5582\" data-link=\"https:\/\/www.stierli.net\/dominik\/paris-weekend19-31\/\" class=\"wp-image-5582\" srcset=\"https:\/\/www.stierli.net\/dominik\/wp-content\/uploads\/2019\/02\/paris-weekend19-31.jpg 1000w, https:\/\/www.stierli.net\/dominik\/wp-content\/uploads\/2019\/02\/paris-weekend19-31-300x200.jpg 300w, https:\/\/www.stierli.net\/dominik\/wp-content\/uploads\/2019\/02\/paris-weekend19-31-768x512.jpg 768w\" sizes=\"auto, (max-width: 1000px) 100vw, 1000px\" \/><\/a><\/figure><\/li><\/ul>\n\n\n\n<p>Weiter ging unser Trip durch die 2 Millionen Stadt zum Notre-Dame, zum Triumpfbogen und weiter auf der &#8222;Av. des Champs-\u00c9lys\u00e9es&#8220;. Und dies wortw\u00f6rtlich auf der Strasse. Diese ist n\u00e4mlich einmal im Monat autofrei und diesen Tag erwischten wir gerade. Auch hier, Sicherheitskontrollen um zum autofreien Bereich zu gelangen. <\/p>\n\n\n\n<ul class=\"wp-block-gallery columns-3 is-cropped wp-block-gallery-3 is-layout-flex wp-block-gallery-is-layout-flex\"><li class=\"blocks-gallery-item\"><figure><a href=\"https:\/\/www.stierli.net\/dominik\/wp-content\/uploads\/2019\/02\/paris-weekend19-33.jpg\"><img loading=\"lazy\" decoding=\"async\" width=\"750\" height=\"1000\" src=\"https:\/\/www.stierli.net\/dominik\/wp-content\/uploads\/2019\/02\/paris-weekend19-33.jpg\" alt=\"\" data-id=\"5584\" data-link=\"https:\/\/www.stierli.net\/dominik\/paris-weekend19-33\/\" class=\"wp-image-5584\" srcset=\"https:\/\/www.stierli.net\/dominik\/wp-content\/uploads\/2019\/02\/paris-weekend19-33.jpg 750w, https:\/\/www.stierli.net\/dominik\/wp-content\/uploads\/2019\/02\/paris-weekend19-33-225x300.jpg 225w\" sizes=\"auto, (max-width: 750px) 100vw, 750px\" \/><\/a><\/figure><\/li><li class=\"blocks-gallery-item\"><figure><a href=\"https:\/\/www.stierli.net\/dominik\/wp-content\/uploads\/2019\/02\/paris-weekend19-32.jpg\"><img loading=\"lazy\" decoding=\"async\" width=\"1000\" height=\"667\" src=\"https:\/\/www.stierli.net\/dominik\/wp-content\/uploads\/2019\/02\/paris-weekend19-32.jpg\" alt=\"\" data-id=\"5583\" data-link=\"https:\/\/www.stierli.net\/dominik\/paris-weekend19-32\/\" class=\"wp-image-5583\" srcset=\"https:\/\/www.stierli.net\/dominik\/wp-content\/uploads\/2019\/02\/paris-weekend19-32.jpg 1000w, https:\/\/www.stierli.net\/dominik\/wp-content\/uploads\/2019\/02\/paris-weekend19-32-300x200.jpg 300w, https:\/\/www.stierli.net\/dominik\/wp-content\/uploads\/2019\/02\/paris-weekend19-32-768x512.jpg 768w\" sizes=\"auto, (max-width: 1000px) 100vw, 1000px\" \/><\/a><\/figure><\/li><li class=\"blocks-gallery-item\"><figure><a href=\"https:\/\/www.stierli.net\/dominik\/wp-content\/uploads\/2019\/02\/paris-weekend19-34.jpg\"><img loading=\"lazy\" decoding=\"async\" width=\"1000\" height=\"750\" src=\"https:\/\/www.stierli.net\/dominik\/wp-content\/uploads\/2019\/02\/paris-weekend19-34.jpg\" alt=\"\" data-id=\"5585\" data-link=\"https:\/\/www.stierli.net\/dominik\/paris-weekend19-34\/\" class=\"wp-image-5585\" srcset=\"https:\/\/www.stierli.net\/dominik\/wp-content\/uploads\/2019\/02\/paris-weekend19-34.jpg 1000w, https:\/\/www.stierli.net\/dominik\/wp-content\/uploads\/2019\/02\/paris-weekend19-34-300x225.jpg 300w, https:\/\/www.stierli.net\/dominik\/wp-content\/uploads\/2019\/02\/paris-weekend19-34-768x576.jpg 768w\" sizes=\"auto, (max-width: 1000px) 100vw, 1000px\" \/><\/a><\/figure><\/li><li class=\"blocks-gallery-item\"><figure><a href=\"https:\/\/www.stierli.net\/dominik\/wp-content\/uploads\/2019\/02\/paris-weekend19-35.jpg\"><img loading=\"lazy\" decoding=\"async\" width=\"1000\" height=\"667\" src=\"https:\/\/www.stierli.net\/dominik\/wp-content\/uploads\/2019\/02\/paris-weekend19-35.jpg\" alt=\"\" data-id=\"5586\" data-link=\"https:\/\/www.stierli.net\/dominik\/paris-weekend19-35\/\" class=\"wp-image-5586\" srcset=\"https:\/\/www.stierli.net\/dominik\/wp-content\/uploads\/2019\/02\/paris-weekend19-35.jpg 1000w, https:\/\/www.stierli.net\/dominik\/wp-content\/uploads\/2019\/02\/paris-weekend19-35-300x200.jpg 300w, https:\/\/www.stierli.net\/dominik\/wp-content\/uploads\/2019\/02\/paris-weekend19-35-768x512.jpg 768w\" sizes=\"auto, (max-width: 1000px) 100vw, 1000px\" \/><\/a><\/figure><\/li><li class=\"blocks-gallery-item\"><figure><a href=\"https:\/\/www.stierli.net\/dominik\/wp-content\/uploads\/2019\/02\/paris-weekend19-36.jpg\"><img loading=\"lazy\" decoding=\"async\" width=\"1000\" height=\"667\" src=\"https:\/\/www.stierli.net\/dominik\/wp-content\/uploads\/2019\/02\/paris-weekend19-36.jpg\" alt=\"\" data-id=\"5587\" data-link=\"https:\/\/www.stierli.net\/dominik\/paris-weekend19-36\/\" class=\"wp-image-5587\" srcset=\"https:\/\/www.stierli.net\/dominik\/wp-content\/uploads\/2019\/02\/paris-weekend19-36.jpg 1000w, https:\/\/www.stierli.net\/dominik\/wp-content\/uploads\/2019\/02\/paris-weekend19-36-300x200.jpg 300w, https:\/\/www.stierli.net\/dominik\/wp-content\/uploads\/2019\/02\/paris-weekend19-36-768x512.jpg 768w\" sizes=\"auto, (max-width: 1000px) 100vw, 1000px\" \/><\/a><\/figure><\/li><li class=\"blocks-gallery-item\"><figure><a href=\"https:\/\/www.stierli.net\/dominik\/wp-content\/uploads\/2019\/02\/paris-weekend19-37.jpg\"><img loading=\"lazy\" decoding=\"async\" width=\"1000\" height=\"667\" src=\"https:\/\/www.stierli.net\/dominik\/wp-content\/uploads\/2019\/02\/paris-weekend19-37.jpg\" alt=\"\" data-id=\"5588\" data-link=\"https:\/\/www.stierli.net\/dominik\/paris-weekend19-37\/\" class=\"wp-image-5588\" srcset=\"https:\/\/www.stierli.net\/dominik\/wp-content\/uploads\/2019\/02\/paris-weekend19-37.jpg 1000w, https:\/\/www.stierli.net\/dominik\/wp-content\/uploads\/2019\/02\/paris-weekend19-37-300x200.jpg 300w, https:\/\/www.stierli.net\/dominik\/wp-content\/uploads\/2019\/02\/paris-weekend19-37-768x512.jpg 768w\" sizes=\"auto, (max-width: 1000px) 100vw, 1000px\" \/><\/a><\/figure><\/li><\/ul>\n\n\n\n<p>Nach einem kurzen Abstecher zur\u00fcck ins Hotel, folgte das n\u00e4chste Highlight f\u00fcr uns: eine Fahrt auf den Eiffelturm. Um nicht zu viel Zeit beim Anstehen zu verlieren, l\u00f6sten wir vorab zu Hause ein <a rel=\"noreferrer noopener\" aria-label=\"Zeit-Ticket (\u00f6ffnet in neuem Tab)\" href=\"https:\/\/www.toureiffel.paris\/\" target=\"_blank\">Zeit-Ticket<\/a>. Mit mehreren Sicherheitskontrollen und Liftfahrten dauerte das doch gut eine Stunde bis wir auf der obersten Etage mit 281 Metern angekommen waren. Die Aussicht war bemerkenswert. Das Wetter spielte schon den ganzen Tag super mit. Wir nutzten die unbeschr\u00e4nkte Zeit auf allen drei m\u00f6glichen Etagen f\u00fcr viele Fotos und Eindr\u00fccke. Auf der untersten Ebene genossen wir den Sonnenuntergang bei einem Glas Weisswein und Chips.<\/p>\n\n\n\n<ul class=\"wp-block-gallery columns-3 is-cropped wp-block-gallery-4 is-layout-flex wp-block-gallery-is-layout-flex\"><li class=\"blocks-gallery-item\"><figure><a href=\"https:\/\/www.stierli.net\/dominik\/wp-content\/uploads\/2019\/02\/paris-weekend19-39.jpg\"><img loading=\"lazy\" decoding=\"async\" width=\"750\" height=\"1000\" src=\"https:\/\/www.stierli.net\/dominik\/wp-content\/uploads\/2019\/02\/paris-weekend19-39.jpg\" alt=\"\" data-id=\"5590\" data-link=\"https:\/\/www.stierli.net\/dominik\/paris-weekend19-39\/\" class=\"wp-image-5590\" srcset=\"https:\/\/www.stierli.net\/dominik\/wp-content\/uploads\/2019\/02\/paris-weekend19-39.jpg 750w, https:\/\/www.stierli.net\/dominik\/wp-content\/uploads\/2019\/02\/paris-weekend19-39-225x300.jpg 225w\" sizes=\"auto, (max-width: 750px) 100vw, 750px\" \/><\/a><\/figure><\/li><li class=\"blocks-gallery-item\"><figure><a href=\"https:\/\/www.stierli.net\/dominik\/wp-content\/uploads\/2019\/02\/paris-weekend19-40.jpg\"><img loading=\"lazy\" decoding=\"async\" width=\"750\" height=\"1000\" src=\"https:\/\/www.stierli.net\/dominik\/wp-content\/uploads\/2019\/02\/paris-weekend19-40.jpg\" alt=\"\" data-id=\"5591\" data-link=\"https:\/\/www.stierli.net\/dominik\/paris-weekend19-40\/\" class=\"wp-image-5591\" srcset=\"https:\/\/www.stierli.net\/dominik\/wp-content\/uploads\/2019\/02\/paris-weekend19-40.jpg 750w, https:\/\/www.stierli.net\/dominik\/wp-content\/uploads\/2019\/02\/paris-weekend19-40-225x300.jpg 225w\" sizes=\"auto, (max-width: 750px) 100vw, 750px\" \/><\/a><\/figure><\/li><li class=\"blocks-gallery-item\"><figure><a href=\"https:\/\/www.stierli.net\/dominik\/wp-content\/uploads\/2019\/02\/paris-weekend19-44.jpg\"><img loading=\"lazy\" decoding=\"async\" width=\"1000\" height=\"667\" src=\"https:\/\/www.stierli.net\/dominik\/wp-content\/uploads\/2019\/02\/paris-weekend19-44.jpg\" alt=\"\" data-id=\"5595\" data-link=\"https:\/\/www.stierli.net\/dominik\/paris-weekend19-44\/\" class=\"wp-image-5595\" srcset=\"https:\/\/www.stierli.net\/dominik\/wp-content\/uploads\/2019\/02\/paris-weekend19-44.jpg 1000w, https:\/\/www.stierli.net\/dominik\/wp-content\/uploads\/2019\/02\/paris-weekend19-44-300x200.jpg 300w, https:\/\/www.stierli.net\/dominik\/wp-content\/uploads\/2019\/02\/paris-weekend19-44-768x512.jpg 768w\" sizes=\"auto, (max-width: 1000px) 100vw, 1000px\" \/><\/a><\/figure><\/li><li class=\"blocks-gallery-item\"><figure><a href=\"https:\/\/www.stierli.net\/dominik\/wp-content\/uploads\/2019\/02\/paris-weekend19-49.jpg\"><img loading=\"lazy\" decoding=\"async\" width=\"1000\" height=\"667\" src=\"https:\/\/www.stierli.net\/dominik\/wp-content\/uploads\/2019\/02\/paris-weekend19-49.jpg\" alt=\"\" data-id=\"5600\" data-link=\"https:\/\/www.stierli.net\/dominik\/paris-weekend19-49\/\" class=\"wp-image-5600\" srcset=\"https:\/\/www.stierli.net\/dominik\/wp-content\/uploads\/2019\/02\/paris-weekend19-49.jpg 1000w, https:\/\/www.stierli.net\/dominik\/wp-content\/uploads\/2019\/02\/paris-weekend19-49-300x200.jpg 300w, https:\/\/www.stierli.net\/dominik\/wp-content\/uploads\/2019\/02\/paris-weekend19-49-768x512.jpg 768w\" sizes=\"auto, (max-width: 1000px) 100vw, 1000px\" \/><\/a><\/figure><\/li><li class=\"blocks-gallery-item\"><figure><a href=\"https:\/\/www.stierli.net\/dominik\/wp-content\/uploads\/2019\/02\/paris-weekend19-50.jpg\"><img loading=\"lazy\" decoding=\"async\" width=\"1000\" height=\"750\" src=\"https:\/\/www.stierli.net\/dominik\/wp-content\/uploads\/2019\/02\/paris-weekend19-50.jpg\" alt=\"\" data-id=\"5601\" data-link=\"https:\/\/www.stierli.net\/dominik\/paris-weekend19-50\/\" class=\"wp-image-5601\" srcset=\"https:\/\/www.stierli.net\/dominik\/wp-content\/uploads\/2019\/02\/paris-weekend19-50.jpg 1000w, https:\/\/www.stierli.net\/dominik\/wp-content\/uploads\/2019\/02\/paris-weekend19-50-300x225.jpg 300w, https:\/\/www.stierli.net\/dominik\/wp-content\/uploads\/2019\/02\/paris-weekend19-50-768x576.jpg 768w\" sizes=\"auto, (max-width: 1000px) 100vw, 1000px\" \/><\/a><\/figure><\/li><li class=\"blocks-gallery-item\"><figure><a href=\"https:\/\/www.stierli.net\/dominik\/wp-content\/uploads\/2019\/02\/paris-weekend19-48.jpg\"><img loading=\"lazy\" decoding=\"async\" width=\"1000\" height=\"667\" src=\"https:\/\/www.stierli.net\/dominik\/wp-content\/uploads\/2019\/02\/paris-weekend19-48.jpg\" alt=\"\" data-id=\"5599\" data-link=\"https:\/\/www.stierli.net\/dominik\/paris-weekend19-48\/\" class=\"wp-image-5599\" srcset=\"https:\/\/www.stierli.net\/dominik\/wp-content\/uploads\/2019\/02\/paris-weekend19-48.jpg 1000w, https:\/\/www.stierli.net\/dominik\/wp-content\/uploads\/2019\/02\/paris-weekend19-48-300x200.jpg 300w, https:\/\/www.stierli.net\/dominik\/wp-content\/uploads\/2019\/02\/paris-weekend19-48-768x512.jpg 768w\" sizes=\"auto, (max-width: 1000px) 100vw, 1000px\" \/><\/a><\/figure><\/li><li class=\"blocks-gallery-item\"><figure><a href=\"https:\/\/www.stierli.net\/dominik\/wp-content\/uploads\/2019\/02\/paris-weekend19-41.jpg\"><img loading=\"lazy\" decoding=\"async\" width=\"1000\" height=\"667\" src=\"https:\/\/www.stierli.net\/dominik\/wp-content\/uploads\/2019\/02\/paris-weekend19-41.jpg\" alt=\"\" data-id=\"5592\" data-link=\"https:\/\/www.stierli.net\/dominik\/paris-weekend19-41\/\" class=\"wp-image-5592\" srcset=\"https:\/\/www.stierli.net\/dominik\/wp-content\/uploads\/2019\/02\/paris-weekend19-41.jpg 1000w, https:\/\/www.stierli.net\/dominik\/wp-content\/uploads\/2019\/02\/paris-weekend19-41-300x200.jpg 300w, https:\/\/www.stierli.net\/dominik\/wp-content\/uploads\/2019\/02\/paris-weekend19-41-768x512.jpg 768w\" sizes=\"auto, (max-width: 1000px) 100vw, 1000px\" \/><\/a><\/figure><\/li><li class=\"blocks-gallery-item\"><figure><a href=\"https:\/\/www.stierli.net\/dominik\/wp-content\/uploads\/2019\/02\/paris-weekend19-42.jpg\"><img loading=\"lazy\" decoding=\"async\" width=\"1000\" height=\"750\" src=\"https:\/\/www.stierli.net\/dominik\/wp-content\/uploads\/2019\/02\/paris-weekend19-42.jpg\" alt=\"\" data-id=\"5593\" data-link=\"https:\/\/www.stierli.net\/dominik\/paris-weekend19-42\/\" class=\"wp-image-5593\" srcset=\"https:\/\/www.stierli.net\/dominik\/wp-content\/uploads\/2019\/02\/paris-weekend19-42.jpg 1000w, https:\/\/www.stierli.net\/dominik\/wp-content\/uploads\/2019\/02\/paris-weekend19-42-300x225.jpg 300w, https:\/\/www.stierli.net\/dominik\/wp-content\/uploads\/2019\/02\/paris-weekend19-42-768x576.jpg 768w\" sizes=\"auto, (max-width: 1000px) 100vw, 1000px\" \/><\/a><\/figure><\/li><li class=\"blocks-gallery-item\"><figure><a href=\"https:\/\/www.stierli.net\/dominik\/wp-content\/uploads\/2019\/02\/paris-weekend19-43.jpg\"><img loading=\"lazy\" decoding=\"async\" width=\"667\" height=\"1000\" src=\"https:\/\/www.stierli.net\/dominik\/wp-content\/uploads\/2019\/02\/paris-weekend19-43.jpg\" alt=\"\" data-id=\"5594\" data-link=\"https:\/\/www.stierli.net\/dominik\/paris-weekend19-43\/\" class=\"wp-image-5594\" srcset=\"https:\/\/www.stierli.net\/dominik\/wp-content\/uploads\/2019\/02\/paris-weekend19-43.jpg 667w, https:\/\/www.stierli.net\/dominik\/wp-content\/uploads\/2019\/02\/paris-weekend19-43-200x300.jpg 200w\" sizes=\"auto, (max-width: 667px) 100vw, 667px\" \/><\/a><\/figure><\/li><li class=\"blocks-gallery-item\"><figure><a href=\"https:\/\/www.stierli.net\/dominik\/wp-content\/uploads\/2019\/02\/paris-weekend19-46.jpg\"><img loading=\"lazy\" decoding=\"async\" width=\"1000\" height=\"667\" src=\"https:\/\/www.stierli.net\/dominik\/wp-content\/uploads\/2019\/02\/paris-weekend19-46.jpg\" alt=\"\" data-id=\"5597\" data-link=\"https:\/\/www.stierli.net\/dominik\/paris-weekend19-46\/\" class=\"wp-image-5597\" srcset=\"https:\/\/www.stierli.net\/dominik\/wp-content\/uploads\/2019\/02\/paris-weekend19-46.jpg 1000w, https:\/\/www.stierli.net\/dominik\/wp-content\/uploads\/2019\/02\/paris-weekend19-46-300x200.jpg 300w, https:\/\/www.stierli.net\/dominik\/wp-content\/uploads\/2019\/02\/paris-weekend19-46-768x512.jpg 768w\" sizes=\"auto, (max-width: 1000px) 100vw, 1000px\" \/><\/a><\/figure><\/li><li class=\"blocks-gallery-item\"><figure><a href=\"https:\/\/www.stierli.net\/dominik\/wp-content\/uploads\/2019\/02\/paris-weekend19-45.jpg\"><img loading=\"lazy\" decoding=\"async\" width=\"1000\" height=\"667\" src=\"https:\/\/www.stierli.net\/dominik\/wp-content\/uploads\/2019\/02\/paris-weekend19-45.jpg\" alt=\"\" data-id=\"5596\" data-link=\"https:\/\/www.stierli.net\/dominik\/paris-weekend19-45\/\" class=\"wp-image-5596\" srcset=\"https:\/\/www.stierli.net\/dominik\/wp-content\/uploads\/2019\/02\/paris-weekend19-45.jpg 1000w, https:\/\/www.stierli.net\/dominik\/wp-content\/uploads\/2019\/02\/paris-weekend19-45-300x200.jpg 300w, https:\/\/www.stierli.net\/dominik\/wp-content\/uploads\/2019\/02\/paris-weekend19-45-768x512.jpg 768w\" sizes=\"auto, (max-width: 1000px) 100vw, 1000px\" \/><\/a><\/figure><\/li><li class=\"blocks-gallery-item\"><figure><a href=\"https:\/\/www.stierli.net\/dominik\/wp-content\/uploads\/2019\/02\/paris-weekend19-47.jpg\"><img loading=\"lazy\" decoding=\"async\" width=\"1000\" height=\"667\" src=\"https:\/\/www.stierli.net\/dominik\/wp-content\/uploads\/2019\/02\/paris-weekend19-47.jpg\" alt=\"\" data-id=\"5598\" data-link=\"https:\/\/www.stierli.net\/dominik\/paris-weekend19-47\/\" class=\"wp-image-5598\" srcset=\"https:\/\/www.stierli.net\/dominik\/wp-content\/uploads\/2019\/02\/paris-weekend19-47.jpg 1000w, https:\/\/www.stierli.net\/dominik\/wp-content\/uploads\/2019\/02\/paris-weekend19-47-300x200.jpg 300w, https:\/\/www.stierli.net\/dominik\/wp-content\/uploads\/2019\/02\/paris-weekend19-47-768x512.jpg 768w\" sizes=\"auto, (max-width: 1000px) 100vw, 1000px\" \/><\/a><\/figure><\/li><li class=\"blocks-gallery-item\"><figure><a href=\"https:\/\/www.stierli.net\/dominik\/wp-content\/uploads\/2019\/02\/paris-weekend19-51.jpg\"><img loading=\"lazy\" decoding=\"async\" width=\"1000\" height=\"667\" src=\"https:\/\/www.stierli.net\/dominik\/wp-content\/uploads\/2019\/02\/paris-weekend19-51.jpg\" alt=\"\" data-id=\"5602\" data-link=\"https:\/\/www.stierli.net\/dominik\/paris-weekend19-51\/\" class=\"wp-image-5602\" srcset=\"https:\/\/www.stierli.net\/dominik\/wp-content\/uploads\/2019\/02\/paris-weekend19-51.jpg 1000w, https:\/\/www.stierli.net\/dominik\/wp-content\/uploads\/2019\/02\/paris-weekend19-51-300x200.jpg 300w, https:\/\/www.stierli.net\/dominik\/wp-content\/uploads\/2019\/02\/paris-weekend19-51-768x512.jpg 768w\" sizes=\"auto, (max-width: 1000px) 100vw, 1000px\" \/><\/a><\/figure><\/li><li class=\"blocks-gallery-item\"><figure><a href=\"https:\/\/www.stierli.net\/dominik\/wp-content\/uploads\/2019\/02\/paris-weekend19-52.jpg\"><img loading=\"lazy\" decoding=\"async\" width=\"1000\" height=\"750\" src=\"https:\/\/www.stierli.net\/dominik\/wp-content\/uploads\/2019\/02\/paris-weekend19-52.jpg\" alt=\"\" data-id=\"5603\" data-link=\"https:\/\/www.stierli.net\/dominik\/paris-weekend19-52\/\" class=\"wp-image-5603\" srcset=\"https:\/\/www.stierli.net\/dominik\/wp-content\/uploads\/2019\/02\/paris-weekend19-52.jpg 1000w, https:\/\/www.stierli.net\/dominik\/wp-content\/uploads\/2019\/02\/paris-weekend19-52-300x225.jpg 300w, https:\/\/www.stierli.net\/dominik\/wp-content\/uploads\/2019\/02\/paris-weekend19-52-768x576.jpg 768w\" sizes=\"auto, (max-width: 1000px) 100vw, 1000px\" \/><\/a><\/figure><\/li><li class=\"blocks-gallery-item\"><figure><a href=\"https:\/\/www.stierli.net\/dominik\/wp-content\/uploads\/2019\/02\/paris-weekend19-53.jpg\"><img loading=\"lazy\" decoding=\"async\" width=\"1000\" height=\"667\" src=\"https:\/\/www.stierli.net\/dominik\/wp-content\/uploads\/2019\/02\/paris-weekend19-53.jpg\" alt=\"\" data-id=\"5604\" data-link=\"https:\/\/www.stierli.net\/dominik\/paris-weekend19-53\/\" class=\"wp-image-5604\" srcset=\"https:\/\/www.stierli.net\/dominik\/wp-content\/uploads\/2019\/02\/paris-weekend19-53.jpg 1000w, https:\/\/www.stierli.net\/dominik\/wp-content\/uploads\/2019\/02\/paris-weekend19-53-300x200.jpg 300w, https:\/\/www.stierli.net\/dominik\/wp-content\/uploads\/2019\/02\/paris-weekend19-53-768x512.jpg 768w\" sizes=\"auto, (max-width: 1000px) 100vw, 1000px\" \/><\/a><\/figure><\/li><li class=\"blocks-gallery-item\"><figure><a href=\"https:\/\/www.stierli.net\/dominik\/wp-content\/uploads\/2019\/02\/paris-weekend19-55.jpg\"><img loading=\"lazy\" decoding=\"async\" width=\"750\" height=\"1000\" src=\"https:\/\/www.stierli.net\/dominik\/wp-content\/uploads\/2019\/02\/paris-weekend19-55.jpg\" alt=\"\" data-id=\"5606\" data-link=\"https:\/\/www.stierli.net\/dominik\/paris-weekend19-55\/\" class=\"wp-image-5606\" srcset=\"https:\/\/www.stierli.net\/dominik\/wp-content\/uploads\/2019\/02\/paris-weekend19-55.jpg 750w, https:\/\/www.stierli.net\/dominik\/wp-content\/uploads\/2019\/02\/paris-weekend19-55-225x300.jpg 225w\" sizes=\"auto, (max-width: 750px) 100vw, 750px\" \/><\/a><\/figure><\/li><li class=\"blocks-gallery-item\"><figure><a href=\"https:\/\/www.stierli.net\/dominik\/wp-content\/uploads\/2019\/02\/paris-weekend19-56.jpg\"><img loading=\"lazy\" decoding=\"async\" width=\"750\" height=\"1000\" src=\"https:\/\/www.stierli.net\/dominik\/wp-content\/uploads\/2019\/02\/paris-weekend19-56.jpg\" alt=\"\" data-id=\"5607\" data-link=\"https:\/\/www.stierli.net\/dominik\/paris-weekend19-56\/\" class=\"wp-image-5607\" srcset=\"https:\/\/www.stierli.net\/dominik\/wp-content\/uploads\/2019\/02\/paris-weekend19-56.jpg 750w, https:\/\/www.stierli.net\/dominik\/wp-content\/uploads\/2019\/02\/paris-weekend19-56-225x300.jpg 225w\" sizes=\"auto, (max-width: 750px) 100vw, 750px\" \/><\/a><\/figure><\/li><li class=\"blocks-gallery-item\"><figure><a href=\"https:\/\/www.stierli.net\/dominik\/wp-content\/uploads\/2019\/02\/paris-weekend19-54.jpg\"><img loading=\"lazy\" decoding=\"async\" width=\"1000\" height=\"667\" src=\"https:\/\/www.stierli.net\/dominik\/wp-content\/uploads\/2019\/02\/paris-weekend19-54.jpg\" alt=\"\" data-id=\"5605\" data-link=\"https:\/\/www.stierli.net\/dominik\/paris-weekend19-54\/\" class=\"wp-image-5605\" srcset=\"https:\/\/www.stierli.net\/dominik\/wp-content\/uploads\/2019\/02\/paris-weekend19-54.jpg 1000w, https:\/\/www.stierli.net\/dominik\/wp-content\/uploads\/2019\/02\/paris-weekend19-54-300x200.jpg 300w, https:\/\/www.stierli.net\/dominik\/wp-content\/uploads\/2019\/02\/paris-weekend19-54-768x512.jpg 768w\" sizes=\"auto, (max-width: 1000px) 100vw, 1000px\" \/><\/a><\/figure><\/li><\/ul>\n\n\n\n<p>Schon etwas m\u00fcde, entschieden wir uns eine Schifffahrt auf der Seine an unser Tagesprogramm anzuh\u00e4ngen. F\u00fcr eine Stunde waren wir dort unterwegs. Dominik freute sich auf dem Schiff etwas aufzuw\u00e4rmen. Die Route war wegen Hochwassers eingeschr\u00e4nkt, aber sehenswert.<\/p>\n\n\n\n<ul class=\"wp-block-gallery columns-3 is-cropped wp-block-gallery-5 is-layout-flex wp-block-gallery-is-layout-flex\"><li class=\"blocks-gallery-item\"><figure><img loading=\"lazy\" decoding=\"async\" width=\"1000\" height=\"667\" src=\"https:\/\/www.stierli.net\/dominik\/wp-content\/uploads\/2019\/02\/paris-weekend19-57.jpg\" alt=\"\" data-id=\"5608\" data-link=\"https:\/\/www.stierli.net\/dominik\/paris-weekend19-57\/\" class=\"wp-image-5608\" srcset=\"https:\/\/www.stierli.net\/dominik\/wp-content\/uploads\/2019\/02\/paris-weekend19-57.jpg 1000w, https:\/\/www.stierli.net\/dominik\/wp-content\/uploads\/2019\/02\/paris-weekend19-57-300x200.jpg 300w, https:\/\/www.stierli.net\/dominik\/wp-content\/uploads\/2019\/02\/paris-weekend19-57-768x512.jpg 768w\" sizes=\"auto, (max-width: 1000px) 100vw, 1000px\" \/><\/figure><\/li><li class=\"blocks-gallery-item\"><figure><img loading=\"lazy\" decoding=\"async\" width=\"1000\" height=\"667\" src=\"https:\/\/www.stierli.net\/dominik\/wp-content\/uploads\/2019\/02\/paris-weekend19-58.jpg\" alt=\"\" data-id=\"5609\" data-link=\"https:\/\/www.stierli.net\/dominik\/paris-weekend19-58\/\" class=\"wp-image-5609\" srcset=\"https:\/\/www.stierli.net\/dominik\/wp-content\/uploads\/2019\/02\/paris-weekend19-58.jpg 1000w, https:\/\/www.stierli.net\/dominik\/wp-content\/uploads\/2019\/02\/paris-weekend19-58-300x200.jpg 300w, https:\/\/www.stierli.net\/dominik\/wp-content\/uploads\/2019\/02\/paris-weekend19-58-768x512.jpg 768w\" sizes=\"auto, (max-width: 1000px) 100vw, 1000px\" \/><\/figure><\/li><li class=\"blocks-gallery-item\"><figure><img loading=\"lazy\" decoding=\"async\" width=\"1000\" height=\"667\" src=\"https:\/\/www.stierli.net\/dominik\/wp-content\/uploads\/2019\/02\/paris-weekend19-59.jpg\" alt=\"\" data-id=\"5610\" data-link=\"https:\/\/www.stierli.net\/dominik\/paris-weekend19-59\/\" class=\"wp-image-5610\" srcset=\"https:\/\/www.stierli.net\/dominik\/wp-content\/uploads\/2019\/02\/paris-weekend19-59.jpg 1000w, https:\/\/www.stierli.net\/dominik\/wp-content\/uploads\/2019\/02\/paris-weekend19-59-300x200.jpg 300w, https:\/\/www.stierli.net\/dominik\/wp-content\/uploads\/2019\/02\/paris-weekend19-59-768x512.jpg 768w\" sizes=\"auto, (max-width: 1000px) 100vw, 1000px\" \/><\/figure><\/li><li class=\"blocks-gallery-item\"><figure><img loading=\"lazy\" decoding=\"async\" width=\"1000\" height=\"667\" src=\"https:\/\/www.stierli.net\/dominik\/wp-content\/uploads\/2019\/02\/paris-weekend19-60.jpg\" alt=\"\" data-id=\"5611\" data-link=\"https:\/\/www.stierli.net\/dominik\/paris-weekend19-60\/\" class=\"wp-image-5611\" srcset=\"https:\/\/www.stierli.net\/dominik\/wp-content\/uploads\/2019\/02\/paris-weekend19-60.jpg 1000w, https:\/\/www.stierli.net\/dominik\/wp-content\/uploads\/2019\/02\/paris-weekend19-60-300x200.jpg 300w, https:\/\/www.stierli.net\/dominik\/wp-content\/uploads\/2019\/02\/paris-weekend19-60-768x512.jpg 768w\" sizes=\"auto, (max-width: 1000px) 100vw, 1000px\" \/><\/figure><\/li><\/ul>\n\n\n\n<p>Beste Aussicht auf die Stadt Paris mit dem Eiffelturm im Blickfeld hat man vom Montparnasse Tower. Bevor wir uns aber f\u00fcr dieses letzte Ziel an diesem schon langen Tag aufmachten, speisten wir in einem nahen Restaurant.<\/p>\n\n\n\n<ul class=\"wp-block-gallery columns-3 is-cropped wp-block-gallery-6 is-layout-flex wp-block-gallery-is-layout-flex\"><li class=\"blocks-gallery-item\"><figure><a href=\"https:\/\/www.stierli.net\/dominik\/wp-content\/uploads\/2019\/02\/paris-weekend19-63.jpg\"><img loading=\"lazy\" decoding=\"async\" width=\"1000\" height=\"750\" src=\"https:\/\/www.stierli.net\/dominik\/wp-content\/uploads\/2019\/02\/paris-weekend19-63.jpg\" alt=\"\" data-id=\"5614\" data-link=\"https:\/\/www.stierli.net\/dominik\/paris-weekend19-63\/\" class=\"wp-image-5614\" srcset=\"https:\/\/www.stierli.net\/dominik\/wp-content\/uploads\/2019\/02\/paris-weekend19-63.jpg 1000w, https:\/\/www.stierli.net\/dominik\/wp-content\/uploads\/2019\/02\/paris-weekend19-63-300x225.jpg 300w, https:\/\/www.stierli.net\/dominik\/wp-content\/uploads\/2019\/02\/paris-weekend19-63-768x576.jpg 768w\" sizes=\"auto, (max-width: 1000px) 100vw, 1000px\" \/><\/a><\/figure><\/li><li class=\"blocks-gallery-item\"><figure><a href=\"https:\/\/www.stierli.net\/dominik\/wp-content\/uploads\/2019\/02\/paris-weekend19-61.jpg\"><img loading=\"lazy\" decoding=\"async\" width=\"1000\" height=\"750\" src=\"https:\/\/www.stierli.net\/dominik\/wp-content\/uploads\/2019\/02\/paris-weekend19-61.jpg\" alt=\"\" data-id=\"5612\" data-link=\"https:\/\/www.stierli.net\/dominik\/paris-weekend19-61\/\" class=\"wp-image-5612\" srcset=\"https:\/\/www.stierli.net\/dominik\/wp-content\/uploads\/2019\/02\/paris-weekend19-61.jpg 1000w, https:\/\/www.stierli.net\/dominik\/wp-content\/uploads\/2019\/02\/paris-weekend19-61-300x225.jpg 300w, https:\/\/www.stierli.net\/dominik\/wp-content\/uploads\/2019\/02\/paris-weekend19-61-768x576.jpg 768w\" sizes=\"auto, (max-width: 1000px) 100vw, 1000px\" \/><\/a><\/figure><\/li><li class=\"blocks-gallery-item\"><figure><a href=\"https:\/\/www.stierli.net\/dominik\/wp-content\/uploads\/2019\/02\/paris-weekend19-62.jpg\"><img loading=\"lazy\" decoding=\"async\" width=\"1000\" height=\"750\" src=\"https:\/\/www.stierli.net\/dominik\/wp-content\/uploads\/2019\/02\/paris-weekend19-62.jpg\" alt=\"\" data-id=\"5613\" data-link=\"https:\/\/www.stierli.net\/dominik\/paris-weekend19-62\/\" class=\"wp-image-5613\" srcset=\"https:\/\/www.stierli.net\/dominik\/wp-content\/uploads\/2019\/02\/paris-weekend19-62.jpg 1000w, https:\/\/www.stierli.net\/dominik\/wp-content\/uploads\/2019\/02\/paris-weekend19-62-300x225.jpg 300w, https:\/\/www.stierli.net\/dominik\/wp-content\/uploads\/2019\/02\/paris-weekend19-62-768x576.jpg 768w\" sizes=\"auto, (max-width: 1000px) 100vw, 1000px\" \/><\/a><\/figure><\/li><\/ul>\n\n\n\n<p>Immer noch m\u00fcde, aber gest\u00e4rkt, machten wir uns gut eine Stunde vor der Schliessung doch noch auf zum Tower. Und wie die nachfolgenden Bilder zeigen, hatte es sich wirklich gelohnt. Dank Aussparungen in den Scheiben, konnte man unverwackelte Bilder ohne Reflektionen schiessen und das war spektakul\u00e4r.<\/p>\n\n\n\n<ul class=\"wp-block-gallery columns-3 is-cropped wp-block-gallery-7 is-layout-flex wp-block-gallery-is-layout-flex\"><li class=\"blocks-gallery-item\"><figure><a href=\"https:\/\/www.stierli.net\/dominik\/wp-content\/uploads\/2019\/02\/paris-weekend19-64.jpg\"><img loading=\"lazy\" decoding=\"async\" width=\"1000\" height=\"667\" src=\"https:\/\/www.stierli.net\/dominik\/wp-content\/uploads\/2019\/02\/paris-weekend19-64.jpg\" alt=\"\" data-id=\"5615\" data-link=\"https:\/\/www.stierli.net\/dominik\/paris-weekend19-64\/\" class=\"wp-image-5615\" srcset=\"https:\/\/www.stierli.net\/dominik\/wp-content\/uploads\/2019\/02\/paris-weekend19-64.jpg 1000w, https:\/\/www.stierli.net\/dominik\/wp-content\/uploads\/2019\/02\/paris-weekend19-64-300x200.jpg 300w, https:\/\/www.stierli.net\/dominik\/wp-content\/uploads\/2019\/02\/paris-weekend19-64-768x512.jpg 768w\" sizes=\"auto, (max-width: 1000px) 100vw, 1000px\" \/><\/a><\/figure><\/li><li class=\"blocks-gallery-item\"><figure><a href=\"https:\/\/www.stierli.net\/dominik\/wp-content\/uploads\/2019\/02\/paris-weekend19-70.jpg\"><img loading=\"lazy\" decoding=\"async\" width=\"1000\" height=\"667\" src=\"https:\/\/www.stierli.net\/dominik\/wp-content\/uploads\/2019\/02\/paris-weekend19-70.jpg\" alt=\"\" data-id=\"5621\" data-link=\"https:\/\/www.stierli.net\/dominik\/paris-weekend19-70\/\" class=\"wp-image-5621\" srcset=\"https:\/\/www.stierli.net\/dominik\/wp-content\/uploads\/2019\/02\/paris-weekend19-70.jpg 1000w, https:\/\/www.stierli.net\/dominik\/wp-content\/uploads\/2019\/02\/paris-weekend19-70-300x200.jpg 300w, https:\/\/www.stierli.net\/dominik\/wp-content\/uploads\/2019\/02\/paris-weekend19-70-768x512.jpg 768w\" sizes=\"auto, (max-width: 1000px) 100vw, 1000px\" \/><\/a><\/figure><\/li><li class=\"blocks-gallery-item\"><figure><a href=\"https:\/\/www.stierli.net\/dominik\/wp-content\/uploads\/2019\/02\/paris-weekend19-69.jpg\"><img loading=\"lazy\" decoding=\"async\" width=\"1000\" height=\"667\" src=\"https:\/\/www.stierli.net\/dominik\/wp-content\/uploads\/2019\/02\/paris-weekend19-69.jpg\" alt=\"\" data-id=\"5620\" data-link=\"https:\/\/www.stierli.net\/dominik\/paris-weekend19-69\/\" class=\"wp-image-5620\" srcset=\"https:\/\/www.stierli.net\/dominik\/wp-content\/uploads\/2019\/02\/paris-weekend19-69.jpg 1000w, https:\/\/www.stierli.net\/dominik\/wp-content\/uploads\/2019\/02\/paris-weekend19-69-300x200.jpg 300w, https:\/\/www.stierli.net\/dominik\/wp-content\/uploads\/2019\/02\/paris-weekend19-69-768x512.jpg 768w\" sizes=\"auto, (max-width: 1000px) 100vw, 1000px\" \/><\/a><\/figure><\/li><li class=\"blocks-gallery-item\"><figure><a href=\"https:\/\/www.stierli.net\/dominik\/wp-content\/uploads\/2019\/02\/paris-weekend19-68.jpg\"><img loading=\"lazy\" decoding=\"async\" width=\"1000\" height=\"667\" src=\"https:\/\/www.stierli.net\/dominik\/wp-content\/uploads\/2019\/02\/paris-weekend19-68.jpg\" alt=\"\" data-id=\"5619\" data-link=\"https:\/\/www.stierli.net\/dominik\/paris-weekend19-68\/\" class=\"wp-image-5619\" srcset=\"https:\/\/www.stierli.net\/dominik\/wp-content\/uploads\/2019\/02\/paris-weekend19-68.jpg 1000w, https:\/\/www.stierli.net\/dominik\/wp-content\/uploads\/2019\/02\/paris-weekend19-68-300x200.jpg 300w, https:\/\/www.stierli.net\/dominik\/wp-content\/uploads\/2019\/02\/paris-weekend19-68-768x512.jpg 768w\" sizes=\"auto, (max-width: 1000px) 100vw, 1000px\" \/><\/a><\/figure><\/li><li class=\"blocks-gallery-item\"><figure><a href=\"https:\/\/www.stierli.net\/dominik\/wp-content\/uploads\/2019\/02\/paris-weekend19-67.jpg\"><img loading=\"lazy\" decoding=\"async\" width=\"1000\" height=\"667\" src=\"https:\/\/www.stierli.net\/dominik\/wp-content\/uploads\/2019\/02\/paris-weekend19-67.jpg\" alt=\"\" data-id=\"5618\" data-link=\"https:\/\/www.stierli.net\/dominik\/paris-weekend19-67\/\" class=\"wp-image-5618\" srcset=\"https:\/\/www.stierli.net\/dominik\/wp-content\/uploads\/2019\/02\/paris-weekend19-67.jpg 1000w, https:\/\/www.stierli.net\/dominik\/wp-content\/uploads\/2019\/02\/paris-weekend19-67-300x200.jpg 300w, https:\/\/www.stierli.net\/dominik\/wp-content\/uploads\/2019\/02\/paris-weekend19-67-768x512.jpg 768w\" sizes=\"auto, (max-width: 1000px) 100vw, 1000px\" \/><\/a><\/figure><\/li><li class=\"blocks-gallery-item\"><figure><a href=\"https:\/\/www.stierli.net\/dominik\/wp-content\/uploads\/2019\/02\/paris-weekend19-65.jpg\"><img loading=\"lazy\" decoding=\"async\" width=\"1000\" height=\"667\" src=\"https:\/\/www.stierli.net\/dominik\/wp-content\/uploads\/2019\/02\/paris-weekend19-65.jpg\" alt=\"\" data-id=\"5616\" data-link=\"https:\/\/www.stierli.net\/dominik\/paris-weekend19-65\/\" class=\"wp-image-5616\" srcset=\"https:\/\/www.stierli.net\/dominik\/wp-content\/uploads\/2019\/02\/paris-weekend19-65.jpg 1000w, https:\/\/www.stierli.net\/dominik\/wp-content\/uploads\/2019\/02\/paris-weekend19-65-300x200.jpg 300w, https:\/\/www.stierli.net\/dominik\/wp-content\/uploads\/2019\/02\/paris-weekend19-65-768x512.jpg 768w\" sizes=\"auto, (max-width: 1000px) 100vw, 1000px\" \/><\/a><\/figure><\/li><li class=\"blocks-gallery-item\"><figure><a href=\"https:\/\/www.stierli.net\/dominik\/wp-content\/uploads\/2019\/02\/paris-weekend19-66.jpg\"><img loading=\"lazy\" decoding=\"async\" width=\"1000\" height=\"667\" src=\"https:\/\/www.stierli.net\/dominik\/wp-content\/uploads\/2019\/02\/paris-weekend19-66.jpg\" alt=\"\" data-id=\"5617\" data-link=\"https:\/\/www.stierli.net\/dominik\/paris-weekend19-66\/\" class=\"wp-image-5617\" srcset=\"https:\/\/www.stierli.net\/dominik\/wp-content\/uploads\/2019\/02\/paris-weekend19-66.jpg 1000w, https:\/\/www.stierli.net\/dominik\/wp-content\/uploads\/2019\/02\/paris-weekend19-66-300x200.jpg 300w, https:\/\/www.stierli.net\/dominik\/wp-content\/uploads\/2019\/02\/paris-weekend19-66-768x512.jpg 768w\" sizes=\"auto, (max-width: 1000px) 100vw, 1000px\" \/><\/a><\/figure><\/li><\/ul>\n\n\n\n<figure class=\"wp-block-video\"><video autoplay controls src=\"https:\/\/www.stierli.net\/dominik\/wp-content\/uploads\/2019\/02\/P1080371.mp4\"><\/video><\/figure>\n\n\n\n<p>Vor dem Hotel blieb einmal mehr der Blick auf den Eiffelturm und auch auf Dominiks Schrittz\u00e4hler. \u00dcber 24&#8217;000 Schritte waren definitiv genug und wir fielen m\u00fcde in unsere Betten. <\/p>\n\n\n\n<ul class=\"wp-block-gallery columns-2 is-cropped wp-block-gallery-8 is-layout-flex wp-block-gallery-is-layout-flex\"><li class=\"blocks-gallery-item\"><figure><img loading=\"lazy\" decoding=\"async\" width=\"1000\" height=\"667\" src=\"https:\/\/www.stierli.net\/dominik\/wp-content\/uploads\/2019\/02\/paris-weekend19-71.jpg\" alt=\"\" data-id=\"5622\" data-link=\"https:\/\/www.stierli.net\/dominik\/paris-weekend19-71\/\" class=\"wp-image-5622\" srcset=\"https:\/\/www.stierli.net\/dominik\/wp-content\/uploads\/2019\/02\/paris-weekend19-71.jpg 1000w, https:\/\/www.stierli.net\/dominik\/wp-content\/uploads\/2019\/02\/paris-weekend19-71-300x200.jpg 300w, https:\/\/www.stierli.net\/dominik\/wp-content\/uploads\/2019\/02\/paris-weekend19-71-768x512.jpg 768w\" sizes=\"auto, (max-width: 1000px) 100vw, 1000px\" \/><\/figure><\/li><li class=\"blocks-gallery-item\"><figure><img loading=\"lazy\" decoding=\"async\" width=\"1000\" height=\"667\" src=\"https:\/\/www.stierli.net\/dominik\/wp-content\/uploads\/2019\/02\/paris-weekend19-72.jpg\" alt=\"\" data-id=\"5623\" data-link=\"https:\/\/www.stierli.net\/dominik\/paris-weekend19-72\/\" class=\"wp-image-5623\" srcset=\"https:\/\/www.stierli.net\/dominik\/wp-content\/uploads\/2019\/02\/paris-weekend19-72.jpg 1000w, https:\/\/www.stierli.net\/dominik\/wp-content\/uploads\/2019\/02\/paris-weekend19-72-300x200.jpg 300w, https:\/\/www.stierli.net\/dominik\/wp-content\/uploads\/2019\/02\/paris-weekend19-72-768x512.jpg 768w\" sizes=\"auto, (max-width: 1000px) 100vw, 1000px\" \/><\/figure><\/li><\/ul>\n\n\n\n<p>Fazit: Absolut beeindruckend, was man bei so einem kurzen Aufenthalt alles sehen und erleben kann. Und das nur knapp 4 Stunden von Z\u00fcrich entfernt. Am Montag konzentrieren wir uns aufs Fr\u00fchst\u00fccken, Kofferpacken und mit der Metro zum Gare de Lyon zu fahren, von wo wir mit dem TGV gegen Abend wieder Z\u00fcrich erreichten.<\/p>\n\n\n\n<ul class=\"wp-block-gallery columns-2 is-cropped wp-block-gallery-9 is-layout-flex wp-block-gallery-is-layout-flex\"><li class=\"blocks-gallery-item\"><figure><img loading=\"lazy\" decoding=\"async\" width=\"667\" height=\"1000\" src=\"https:\/\/www.stierli.net\/dominik\/wp-content\/uploads\/2019\/02\/paris-weekend19-78.jpg\" alt=\"\" data-id=\"5629\" data-link=\"https:\/\/www.stierli.net\/dominik\/paris-weekend19-78\/\" class=\"wp-image-5629\" srcset=\"https:\/\/www.stierli.net\/dominik\/wp-content\/uploads\/2019\/02\/paris-weekend19-78.jpg 667w, https:\/\/www.stierli.net\/dominik\/wp-content\/uploads\/2019\/02\/paris-weekend19-78-200x300.jpg 200w\" sizes=\"auto, (max-width: 667px) 100vw, 667px\" \/><\/figure><\/li><li class=\"blocks-gallery-item\"><figure><img loading=\"lazy\" decoding=\"async\" width=\"1000\" height=\"667\" src=\"https:\/\/www.stierli.net\/dominik\/wp-content\/uploads\/2019\/02\/paris-weekend19-79.jpg\" alt=\"\" data-id=\"5630\" data-link=\"https:\/\/www.stierli.net\/dominik\/paris-weekend19-79\/\" class=\"wp-image-5630\" srcset=\"https:\/\/www.stierli.net\/dominik\/wp-content\/uploads\/2019\/02\/paris-weekend19-79.jpg 1000w, https:\/\/www.stierli.net\/dominik\/wp-content\/uploads\/2019\/02\/paris-weekend19-79-300x200.jpg 300w, https:\/\/www.stierli.net\/dominik\/wp-content\/uploads\/2019\/02\/paris-weekend19-79-768x512.jpg 768w\" sizes=\"auto, (max-width: 1000px) 100vw, 1000px\" \/><\/figure><\/li><\/ul>\n","protected":false},"excerpt":{"rendered":"<p>Die wichtigsten Ziele f\u00fcr den einzigen, kompletten Tag in Paris waren am Morgen schnell gesetzt. Dass wir dann \u00fcber 12&hellip;<\/p>\n","protected":false},"author":1,"featured_media":5606,"comment_status":"closed","ping_status":"open","sticky":false,"template":"","format":"standard","meta":{"footnotes":""},"categories":[167],"tags":[],"class_list":["post-5635","post","type-post","status-publish","format-standard","has-post-thumbnail","hentry","category-frankreich"],"_links":{"self":[{"href":"https:\/\/www.stierli.net\/dominik\/wp-json\/wp\/v2\/posts\/5635","targetHints":{"allow":["GET"]}}],"collection":[{"href":"https:\/\/www.stierli.net\/dominik\/wp-json\/wp\/v2\/posts"}],"about":[{"href":"https:\/\/www.stierli.net\/dominik\/wp-json\/wp\/v2\/types\/post"}],"author":[{"embeddable":true,"href":"https:\/\/www.stierli.net\/dominik\/wp-json\/wp\/v2\/users\/1"}],"replies":[{"embeddable":true,"href":"https:\/\/www.stierli.net\/dominik\/wp-json\/wp\/v2\/comments?post=5635"}],"version-history":[{"count":6,"href":"https:\/\/www.stierli.net\/dominik\/wp-json\/wp\/v2\/posts\/5635\/revisions"}],"predecessor-version":[{"id":5687,"href":"https:\/\/www.stierli.net\/dominik\/wp-json\/wp\/v2\/posts\/5635\/revisions\/5687"}],"wp:featuredmedia":[{"embeddable":true,"href":"https:\/\/www.stierli.net\/dominik\/wp-json\/wp\/v2\/media\/5606"}],"wp:attachment":[{"href":"https:\/\/www.stierli.net\/dominik\/wp-json\/wp\/v2\/media?parent=5635"}],"wp:term":[{"taxonomy":"category","embeddable":true,"href":"https:\/\/www.stierli.net\/dominik\/wp-json\/wp\/v2\/categories?post=5635"},{"taxonomy":"post_tag","embeddable":true,"href":"https:\/\/www.stierli.net\/dominik\/wp-json\/wp\/v2\/tags?post=5635"}],"curies":[{"name":"wp","href":"https:\/\/api.w.org\/{rel}","templated":true}]}}