{"id":12593,"date":"2023-05-30T20:01:19","date_gmt":"2023-05-30T18:01:19","guid":{"rendered":"https:\/\/www.stierli.net\/dominik\/?p=12593"},"modified":"2023-05-30T20:01:20","modified_gmt":"2023-05-30T18:01:20","slug":"was-fuer-ein-tag","status":"publish","type":"post","link":"https:\/\/www.stierli.net\/dominik\/was-fuer-ein-tag\/","title":{"rendered":"Was f\u00fcr ein Tag"},"content":{"rendered":"\n<p>Seit den Ferien hatten wir nicht gen\u00fcgend Zeit, alles zu erledigen. Zudem war das Wetter lange Zeit zu schlecht, um mit Gartenarbeiten zu beginnen. Aber an diesem Pfingstsamstag, 27. Mai passte dann alles zusammen: Zeit, Motivation und Wetter.<\/p>\n\n\n\n<p>Nach einem Fr\u00fchst\u00fcck zu Hause versuchten wir unser Gl\u00fcck in der Landi, scheiterten bereits aber am Parkplatz. Auch andere hatten heute Zeit f\u00fcr den Garten. Um den bald geschlossenen Obi zu unterst\u00fctzen und in der Hoffnung auf weniger Kundschaft fuhren wir nach Affoltern. Parkplatz ja &#8211; Gem\u00fcse f\u00fcrs Hochbett nein. Mit ebenfalls ben\u00f6tigtem neuen Duschschlauch und einem blumigen Spontankauf steuerten wir den Jumbo an.<\/p>\n\n\n\n<p>Dominik bog am Steuer aber unbewusst bereits beim Hornbach rechts ab und so landeten wir im n\u00e4chsten, vor allem im Kassenbereich \u00fcberf\u00fcllten Laden. Dank Tiefgarage hatte es aber mehr als gen\u00fcgend Parkpl\u00e4tze. Nun wurden wir f\u00fcndig und deckten uns mit Setzlingen ein. Wenn es klappt, gibt es dieses Jahr Kopf- und Eichblattsalat, Brokoli, Kohler\u00e4bli, Zucchetti und Gurken. Auch hier wieder kam es zu einem Spontankauf. Dank eigener Kasse in der Gartenabteilung waren wir dann doch schnell draussen. <\/p>\n\n\n\n<p>Das Pflanzen musste warten. Wir wollten an diesem sonnigen Samstag auch noch Grillieren. So landeten wir zusammen mit Dominiks Eltern beim Sch\u00fctzenhaus. Innert knapp drei Stunden feuerten wir an, br\u00e4telten die W\u00fcrste und assen zu Mittag. Mit den Velos ging es zur\u00fcck nach Hause. <\/p>\n\n\n\n<p>Daniela k\u00fcmmerte sich um den Garten und Dominik begann Grossprojekt 2. Das neue Bett von Kira sollte eigentlich auf der anderen Zimmerseite platziert werden. Dort musste aber zuerst ein Teil des Einbauschrankes entfernt werden. Zuerst galt es Kira Zimmer teils zu r\u00e4umen. Gewisse Schrankinhalte mit Fotoalben wanderten nach ganz oben, andere Spielsachen im W\u00e4schekorb und Stofftiere einfach um die Ecke. <\/p>\n\n\n\n<p>Mit viel Respekt, ob man jetzt nicht mehr Schaden anrichtet als wenn hier ein Profi bestellt wird, fing Dominik an. Nachdem alle sichtbaren Schrauben gel\u00f6st waren (unten, hinten, oben, seitlich) bewegte sich der eine Teil des Schrankes \u00fcberhaupt nicht. Vermutlich geklebt war die \u00dcberlegung und mit etwas Gewaltanwendung sicherlich zu trennen &#8211; aber leider nein. Im n\u00e4chsten Versuch wurden alle Gewinde der T\u00fcre noch entfernt und siehe da &#8211; dort waren die langen Schrauben versteckt. <\/p>\n\n\n\n<p>Nun liess sich der Schrankteil entfernen. Darunter kam zu unserer \u00dcberraschung noch Teppich hervor und auch Holzverstrebungen auf denen der Schrank gestanden war. Diese waren so massiv, dass Dominik schlussendlich seinen Vater mit Stichs\u00e4ge aufbot und diese brachial entfernte. So gegen 21 Uhr war das dann vollbracht. Und weil wir schon dran waren, z\u00fcgelten wir gleich Kiras Bett an den neuen Standort und r\u00e4umten notd\u00fcrftig alles zur\u00fcck. Die Schrankt\u00fcren sollten dann zwei Tage sp\u00e4ter noch folgen.<\/p>\n\n\n\n<p>Dominik wechselte an diesem Abend auch noch schnell den Duschschlauch und Daniela gelang es alles im Garten fertigzustellen. Auch die Bew\u00e4sserung wurde schon mal eingerichtet. Daf\u00fcr liessen wir es dann am Sonntag definitiv ruhiger angehen. <\/p>\n","protected":false},"excerpt":{"rendered":"<p>Seit den Ferien hatten wir nicht gen\u00fcgend Zeit, alles zu erledigen. Zudem war das Wetter lange Zeit zu schlecht, um&hellip;<\/p>\n","protected":false},"author":1,"featured_media":12594,"comment_status":"closed","ping_status":"open","sticky":false,"template":"","format":"standard","meta":{"footnotes":""},"categories":[12],"tags":[],"class_list":["post-12593","post","type-post","status-publish","format-standard","has-post-thumbnail","hentry","category-familie"],"_links":{"self":[{"href":"https:\/\/www.stierli.net\/dominik\/wp-json\/wp\/v2\/posts\/12593","targetHints":{"allow":["GET"]}}],"collection":[{"href":"https:\/\/www.stierli.net\/dominik\/wp-json\/wp\/v2\/posts"}],"about":[{"href":"https:\/\/www.stierli.net\/dominik\/wp-json\/wp\/v2\/types\/post"}],"author":[{"embeddable":true,"href":"https:\/\/www.stierli.net\/dominik\/wp-json\/wp\/v2\/users\/1"}],"replies":[{"embeddable":true,"href":"https:\/\/www.stierli.net\/dominik\/wp-json\/wp\/v2\/comments?post=12593"}],"version-history":[{"count":1,"href":"https:\/\/www.stierli.net\/dominik\/wp-json\/wp\/v2\/posts\/12593\/revisions"}],"predecessor-version":[{"id":12595,"href":"https:\/\/www.stierli.net\/dominik\/wp-json\/wp\/v2\/posts\/12593\/revisions\/12595"}],"wp:featuredmedia":[{"embeddable":true,"href":"https:\/\/www.stierli.net\/dominik\/wp-json\/wp\/v2\/media\/12594"}],"wp:attachment":[{"href":"https:\/\/www.stierli.net\/dominik\/wp-json\/wp\/v2\/media?parent=12593"}],"wp:term":[{"taxonomy":"category","embeddable":true,"href":"https:\/\/www.stierli.net\/dominik\/wp-json\/wp\/v2\/categories?post=12593"},{"taxonomy":"post_tag","embeddable":true,"href":"https:\/\/www.stierli.net\/dominik\/wp-json\/wp\/v2\/tags?post=12593"}],"curies":[{"name":"wp","href":"https:\/\/api.w.org\/{rel}","templated":true}]}}