{"id":1183,"date":"2013-11-10T14:47:48","date_gmt":"2013-11-10T14:47:48","guid":{"rendered":"http:\/\/stierli.net\/dominik\/blog\/?p=1183"},"modified":"2014-07-20T19:19:00","modified_gmt":"2014-07-20T19:19:00","slug":"master-und-gartenarbeit","status":"publish","type":"post","link":"https:\/\/www.stierli.net\/dominik\/master-und-gartenarbeit\/","title":{"rendered":"Master- und Gartenarbeit"},"content":{"rendered":"<p>Was l\u00e4uft den in den letzten Wochen so bei uns? Es gibt bei mir weiterhin viel zu tun f\u00fcr die Masterarbeit und auch bei Boa Lingua ist etwas los.<\/p>\n<p>F\u00fcr die Masterarbeit, die Entwicklung einer iPhone-App f\u00fcr frischgebackene Eltern, bin ich mit meinen Kollegen im Endspurt. Bis Ende Januar muss alles fertig sein. Vergangenen Freitag und Samstag verbrachten wir ein intensives Weekend auf dem Stoos.<\/p>\n<p>Die etwas abgeschottete Umgebung erm\u00f6glichte ein ungest\u00f6rtes Arbeiten an den verschiedenen Bereichen. Details des Designs werden gekl\u00e4rt, die ganze Arbeit genau dokumentiert\u00a0und auch das gem\u00fctliche Zusammensitzen kam nicht zu kurz.<\/p>\n<p><a href=\"http:\/\/stierli.net\/dominik\/wp-content\/uploads\/2013\/11\/2013-11-08-19.32.28-e1384094951686.jpg\"><img loading=\"lazy\" decoding=\"async\" class=\"alignnone size-full wp-image-1185\" alt=\"2013-11-08 19.32.28\" src=\"http:\/\/stierli.net\/dominik\/wp-content\/uploads\/2013\/11\/2013-11-08-19.32.28-e1384094951686.jpg\" width=\"350\" height=\"467\" \/><\/a><\/p>\n<p>Am Samstagmittag ging es zur\u00fcck nach Hause. Dort folgte gleich noch eine Premiere f\u00fcr mich: Heckenschneiden. Mit dem Umschwung wird das auch ab und zu notwendig. Ein Kollege von mir zeigte wie das ganze funktioniert und das Ergebnis konnte sich durchaus sehen lassen.<\/p>\n<p><a href=\"http:\/\/stierli.net\/dominik\/wp-content\/uploads\/2013\/11\/2013-11-09-17.27.43-e1384095006630.jpg\"><img loading=\"lazy\" decoding=\"async\" class=\"alignnone size-full wp-image-1184\" alt=\"2013-11-09 17.27.43\" src=\"http:\/\/stierli.net\/dominik\/wp-content\/uploads\/2013\/11\/2013-11-09-17.27.43-e1384095006630.jpg\" width=\"500\" height=\"282\" \/><\/a><\/p>\n<p>Jetzt folgen noch vier Tage Arbeit f\u00fcr mich und drei f\u00fcr Daniela und dann geht es ab in die Ferien.<\/p>\n","protected":false},"excerpt":{"rendered":"<p>Was l\u00e4uft den in den letzten Wochen so bei uns? Es gibt bei mir weiterhin viel zu tun f\u00fcr die&hellip;<\/p>\n","protected":false},"author":1,"featured_media":0,"comment_status":"open","ping_status":"open","sticky":false,"template":"","format":"standard","meta":{"footnotes":""},"categories":[3],"tags":[],"class_list":["post-1183","post","type-post","status-publish","format-standard","hentry","category-allgemein"],"_links":{"self":[{"href":"https:\/\/www.stierli.net\/dominik\/wp-json\/wp\/v2\/posts\/1183","targetHints":{"allow":["GET"]}}],"collection":[{"href":"https:\/\/www.stierli.net\/dominik\/wp-json\/wp\/v2\/posts"}],"about":[{"href":"https:\/\/www.stierli.net\/dominik\/wp-json\/wp\/v2\/types\/post"}],"author":[{"embeddable":true,"href":"https:\/\/www.stierli.net\/dominik\/wp-json\/wp\/v2\/users\/1"}],"replies":[{"embeddable":true,"href":"https:\/\/www.stierli.net\/dominik\/wp-json\/wp\/v2\/comments?post=1183"}],"version-history":[{"count":5,"href":"https:\/\/www.stierli.net\/dominik\/wp-json\/wp\/v2\/posts\/1183\/revisions"}],"predecessor-version":[{"id":2205,"href":"https:\/\/www.stierli.net\/dominik\/wp-json\/wp\/v2\/posts\/1183\/revisions\/2205"}],"wp:attachment":[{"href":"https:\/\/www.stierli.net\/dominik\/wp-json\/wp\/v2\/media?parent=1183"}],"wp:term":[{"taxonomy":"category","embeddable":true,"href":"https:\/\/www.stierli.net\/dominik\/wp-json\/wp\/v2\/categories?post=1183"},{"taxonomy":"post_tag","embeddable":true,"href":"https:\/\/www.stierli.net\/dominik\/wp-json\/wp\/v2\/tags?post=1183"}],"curies":[{"name":"wp","href":"https:\/\/api.w.org\/{rel}","templated":true}]}}