{"id":1035,"date":"2011-09-25T14:52:00","date_gmt":"2011-09-25T14:52:00","guid":{"rendered":"http:\/\/dominik.stierli.net\/blog\/?p=1035"},"modified":"2014-05-29T20:20:28","modified_gmt":"2014-05-29T20:20:28","slug":"am-samstag-besuchte-ich-das-konzert-der-wetziker","status":"publish","type":"post","link":"https:\/\/www.stierli.net\/dominik\/am-samstag-besuchte-ich-das-konzert-der-wetziker\/","title":{"rendered":"Konzert: Ashes to Beauty"},"content":{"rendered":"<p>Am Samstag besuchte ich das Konzert der Wetziker Nachwuchsband \u201cAshes to Beauty\u201d. Es war der erste Auftritt vor heimischen Publikum. Gespielt wurden mehrheitlich St\u00fccke aus der ersten CD, die im Juli 2011 erschien.<\/p>\n<p>Die Stimme der Lead-S\u00e4ngerin\u00a0<span>Angela Kilch\u00f6r ist beeindruckend. Besonders in ruhigen Moment kam sie optimal zur Geltung. Die Musik der Newcomer-Band erinnert etwas an die irische Band \u201cThe Corrs\u201d. So wurde fast jeder Song von Geigenkl\u00e4ngen begleitet. \u00dcberraschend war der Einsatz eines Banjo, was den eher \u00e4hnlichen Songs gut tat.<\/span><\/p>\n<p><span>Der Song mit absolutem \u201cOhrwurm\u201d-Potential war der \u201cGrenadasong\u201d, der auf dieser Insel entstanden ist und auch dort erstmals an einem \u201cDinghi\u201d-Konzert gespielt wurde. Die Melodie war gegeben, der Text kam von Angela. Beeindruckender als im obigen Video, ist das Lied im <a href=\"http:\/\/youtu.be\/1i2ST8wRsxo\" target=\"_blank\">Zusammenschnitt des Dinghi-Konzerts<\/a>.\u00a0<\/span><\/p>\n<p>&#8222;Ashes to Beauty&#8220; ist absolut h\u00f6renswert, hat aber auch noch Entwicklungspotential. Mehr ist auf Ihrer <a href=\"http:\/\/www.ashestobeauty.ch\/\" target=\"_blank\">Webseite<\/a> oder auch auf <a href=\"https:\/\/www.facebook.com\/pages\/Ashes-to-Beauty\/120838454658421\" target=\"_blank\">Facebook<\/a>\u00a0zu erfahren.<\/p>\n<div class=\"attribution\">(<span>Source:<\/span> <a href=\"http:\/\/youtu.be\/\">http:\/\/youtu.be\/<\/a>)<\/div>\n","protected":false},"excerpt":{"rendered":"<p>Am Samstag besuchte ich das Konzert der Wetziker Nachwuchsband \u201cAshes to Beauty\u201d. Es war der erste Auftritt vor heimischen Publikum.&hellip;<\/p>\n","protected":false},"author":1,"featured_media":0,"comment_status":"open","ping_status":"open","sticky":false,"template":"","format":"standard","meta":{"footnotes":""},"categories":[3],"tags":[52,66,74,83],"class_list":["post-1035","post","type-post","status-publish","format-standard","hentry","category-allgemein","tag-ashes-to-beauty","tag-konzert","tag-ohrwurm","tag-wetzikon"],"_links":{"self":[{"href":"https:\/\/www.stierli.net\/dominik\/wp-json\/wp\/v2\/posts\/1035","targetHints":{"allow":["GET"]}}],"collection":[{"href":"https:\/\/www.stierli.net\/dominik\/wp-json\/wp\/v2\/posts"}],"about":[{"href":"https:\/\/www.stierli.net\/dominik\/wp-json\/wp\/v2\/types\/post"}],"author":[{"embeddable":true,"href":"https:\/\/www.stierli.net\/dominik\/wp-json\/wp\/v2\/users\/1"}],"replies":[{"embeddable":true,"href":"https:\/\/www.stierli.net\/dominik\/wp-json\/wp\/v2\/comments?post=1035"}],"version-history":[{"count":2,"href":"https:\/\/www.stierli.net\/dominik\/wp-json\/wp\/v2\/posts\/1035\/revisions"}],"predecessor-version":[{"id":2093,"href":"https:\/\/www.stierli.net\/dominik\/wp-json\/wp\/v2\/posts\/1035\/revisions\/2093"}],"wp:attachment":[{"href":"https:\/\/www.stierli.net\/dominik\/wp-json\/wp\/v2\/media?parent=1035"}],"wp:term":[{"taxonomy":"category","embeddable":true,"href":"https:\/\/www.stierli.net\/dominik\/wp-json\/wp\/v2\/categories?post=1035"},{"taxonomy":"post_tag","embeddable":true,"href":"https:\/\/www.stierli.net\/dominik\/wp-json\/wp\/v2\/tags?post=1035"}],"curies":[{"name":"wp","href":"https:\/\/api.w.org\/{rel}","templated":true}]}}