{"id":1013,"date":"2002-09-07T00:00:00","date_gmt":"2002-09-07T00:00:00","guid":{"rendered":"http:\/\/dominik.stierli.net\/blog\/?p=1013"},"modified":"2014-05-27T10:27:27","modified_gmt":"2014-05-27T10:27:27","slug":"schock","status":"publish","type":"post","link":"https:\/\/www.stierli.net\/dominik\/schock\/","title":{"rendered":"Schock!!"},"content":{"rendered":"<p>Amokl\u00e4ufe kannte man bis zum Attentat auf den Zuger Regierungsrat fast nur aus dem Ausland. Seither h\u00e4lt man solche Taten auch hierzulande f\u00fcr m\u00f6glich. Trotzdem waren die Ereignisse am Freitag hier in Obfelden ein Schock.<\/p>\n<p>Zuerst h\u00f6rte ich eine Frau herumschreien, die blut\u00fcberstr\u00f6mt von Passanten gepflegt und sp\u00e4ter von einer Samariterin verarztet wurde. Danach tauchte ein erstes Polizeifahrzeug auf. Die Information ein Mann habe mit einer Eisenstange herumgew\u00fctet machte die Runde. Er sei nun im Postauto \u00fcberw\u00e4ltigt und gefesselt. Ungl\u00e4ubig machte ich mich zum 300 Meter von meinem Haus entfernten Tatort auf. Tats\u00e4chlich war da ein fremdl\u00e4ndisch aussehender Mann im Postauto drinnen mit Handschellen gefesselt.<\/p>\n<p>In der Zwischenzeit waren jede Menge Polizeiautos und Ambulanzen eingetroffen. 2 Rega-Helis kreisten ebenfalls mehrmals \u00fcber Obfelden. Sp\u00e4ter tauchte noch ein Polizei-Helikopter auf. Am Tatort traf ich noch eine in Tr\u00e4nen aufgel\u00f6ste Kollegin, die ihre Schwester suchte und nicht wusste ob diese zu den Opfern geh\u00f6re. Sie meldete sich aber kurze Zeit sp\u00e4ter unverletzt. Szenen spielten sich ab, die man nur aus dem Fernsehen bzw. Kino kannte.<\/p>\n<p>Gl\u00fccklicherweise kann man heute sagen, dass der ganze Amoklauf verh\u00e4ltnism\u00e4ssig glimpflich abgelaufen ist. Einige Personen konnten das Spital wieder verlassen.<\/p>\n<p><a href=\"http:\/\/obfeldenonline.ch\" target=\"_blank\">Weitere Infos<\/a><\/p>\n","protected":false},"excerpt":{"rendered":"<p>Amokl\u00e4ufe kannte man bis zum Attentat auf den Zuger Regierungsrat fast nur aus dem Ausland. Seither h\u00e4lt man solche Taten&hellip;<\/p>\n","protected":false},"author":1,"featured_media":0,"comment_status":"open","ping_status":"open","sticky":false,"template":"","format":"standard","meta":{"footnotes":""},"categories":[48,25],"tags":[],"class_list":["post-1013","post","type-post","status-publish","format-standard","hentry","category-obfelden","category-schweiz"],"_links":{"self":[{"href":"https:\/\/www.stierli.net\/dominik\/wp-json\/wp\/v2\/posts\/1013","targetHints":{"allow":["GET"]}}],"collection":[{"href":"https:\/\/www.stierli.net\/dominik\/wp-json\/wp\/v2\/posts"}],"about":[{"href":"https:\/\/www.stierli.net\/dominik\/wp-json\/wp\/v2\/types\/post"}],"author":[{"embeddable":true,"href":"https:\/\/www.stierli.net\/dominik\/wp-json\/wp\/v2\/users\/1"}],"replies":[{"embeddable":true,"href":"https:\/\/www.stierli.net\/dominik\/wp-json\/wp\/v2\/comments?post=1013"}],"version-history":[{"count":1,"href":"https:\/\/www.stierli.net\/dominik\/wp-json\/wp\/v2\/posts\/1013\/revisions"}],"predecessor-version":[{"id":1425,"href":"https:\/\/www.stierli.net\/dominik\/wp-json\/wp\/v2\/posts\/1013\/revisions\/1425"}],"wp:attachment":[{"href":"https:\/\/www.stierli.net\/dominik\/wp-json\/wp\/v2\/media?parent=1013"}],"wp:term":[{"taxonomy":"category","embeddable":true,"href":"https:\/\/www.stierli.net\/dominik\/wp-json\/wp\/v2\/categories?post=1013"},{"taxonomy":"post_tag","embeddable":true,"href":"https:\/\/www.stierli.net\/dominik\/wp-json\/wp\/v2\/tags?post=1013"}],"curies":[{"name":"wp","href":"https:\/\/api.w.org\/{rel}","templated":true}]}}